{"id":1951,"date":"2019-05-23T12:34:11","date_gmt":"2019-05-23T10:34:11","guid":{"rendered":"https:\/\/www.syntetyk.com\/blog\/?p=1951"},"modified":"2019-06-03T09:53:24","modified_gmt":"2019-06-03T07:53:24","slug":"expo-toys-barcelona","status":"publish","type":"post","link":"https:\/\/syntetyk.com\/blog\/expo-toys-barcelona\/","title":{"rendered":"Expo Toys Barcelona"},"content":{"rendered":"\n<p>Hace unos meses fuimos invitados a un nuevo evento para nuestro pa\u00eds. En Espa\u00f1a no es muy habitual que haya eventos relacionados con designer toys y lo sabemos bien porque nosotros hemos organizado varios de ellos, como la expo junto a nuestro documental \u00ab<a rel=\"noreferrer noopener\" aria-label=\" (opens in a new tab)\" href=\"https:\/\/www.syntetyk.com\/un-designer-toy-artesanal\/\" target=\"_blank\">Un Designer Toy Artesanal<\/a>\u00bb o las dos ediciones de <a href=\"https:\/\/www.syntetyk.com\/blog\/category\/brew-toys\/\" target=\"_blank\" rel=\"noreferrer noopener\" aria-label=\" (opens in a new tab)\">Brew Toys<\/a>. <\/p>\n\n\n\n<p>Detr\u00e1s de Expo Toys Barcelona, est\u00e1n un grupo de personas vinculadas a este mundillo y que quieren empujar para moverlo por aqu\u00ed y que sea m\u00e1s conocido. Ellos son: Sergio Gallegos (<a href=\"https:\/\/www.instagram.com\/vuitbits\/\" target=\"_blank\" rel=\"noreferrer noopener\" aria-label=\" (opens in a new tab)\">VuitBits<\/a>), a quien ya entrevistamos en el documental, <a rel=\"noreferrer noopener\" aria-label=\" (opens in a new tab)\" href=\"https:\/\/www.instagram.com\/nastytheplastic\/\" target=\"_blank\">nastitheplastic<\/a> y el primer blog sobre toys espa\u00f1ol, <a rel=\"noreferrer noopener\" aria-label=\" (opens in a new tab)\" href=\"http:\/\/www.zonatoys.com\" target=\"_blank\">Zona Toys<\/a>.<\/p>\n\n\n\n<p>Adem\u00e1s de la exposici\u00f3n, habr\u00e1 varios talleres donde podr\u00e1s aprender de primera mano c\u00f3mo hacer un molde, c\u00f3mo personalizar un art toy y varias cosas m\u00e1s, <a href=\"https:\/\/consell81.com\/evento\/expo-toys-barcelona\/\">consulta aqu\u00ed<\/a>.<\/p>\n\n\n\n<p>La exposici\u00f3n estar\u00e1 en la galer\u00eda de arte <a rel=\"noreferrer noopener\" aria-label=\" (opens in a new tab)\" href=\"https:\/\/consell81.com\/\" target=\"_blank\">Consell81<\/a> en Barcelona, del 23 de Mayo al 14 de Junio. All\u00ed se podr\u00e1n encontrar obras de multitud de artistas, muchos de ellos muy cercanos, y tambi\u00e9n se podr\u00e1n comprar las piezas. Tienes m\u00e1s informaci\u00f3n en la <a href=\"http:\/\/www.zonatoys.com\/inauguracion-expo-toys-bcn-2019\/\" target=\"_blank\" rel=\"noreferrer noopener\" aria-label=\" (opens in a new tab)\">entrada de Zona Toys<\/a>.<\/p>\n\n\n\n<p>Nuestras piezas para el evento son estas:<\/p>\n\n\n\n<figure class=\"wp-block-image\"><img decoding=\"async\" src=\"https:\/\/www.syntetyk.com\/store\/wp-content\/uploads\/sites\/7\/2019\/05\/FoomiWarrior01.jpg\" alt=\"\"\/><figcaption>Foomi Warrior<\/figcaption><\/figure>\n\n\n\n<figure class=\"wp-block-image\"><img decoding=\"async\" src=\"https:\/\/www.syntetyk.com\/store\/wp-content\/uploads\/sites\/7\/2019\/05\/DSC0048.jpg\" alt=\"\"\/><figcaption>Lace Pattern Dunny<\/figcaption><\/figure>\n\n\n\n<figure class=\"wp-block-image\"><img decoding=\"async\" src=\"https:\/\/www.syntetyk.com\/store\/wp-content\/uploads\/sites\/7\/2019\/05\/DSC0056.jpg\" alt=\"\"\/><figcaption>Lace Pattern Zuby McField<\/figcaption><\/figure>\n\n\n\n<figure class=\"wp-block-image\"><img loading=\"lazy\" decoding=\"async\" width=\"1477\" height=\"1477\" data-attachment-id=\"1957\" data-permalink=\"https:\/\/syntetyk.com\/blog\/expo-toys-barcelona\/expo-toys-barcelona-art-toys-9-min\/\" data-orig-file=\"https:\/\/syntetyk.com\/blog\/wp-content\/uploads\/sites\/5\/2019\/05\/Expo-Toys-Barcelona-Art-Toys-9-min.jpg\" data-orig-size=\"1477,1477\" data-comments-opened=\"1\" data-image-meta=\"{&quot;aperture&quot;:&quot;0&quot;,&quot;credit&quot;:&quot;&quot;,&quot;camera&quot;:&quot;&quot;,&quot;caption&quot;:&quot;&quot;,&quot;created_timestamp&quot;:&quot;0&quot;,&quot;copyright&quot;:&quot;&quot;,&quot;focal_length&quot;:&quot;0&quot;,&quot;iso&quot;:&quot;0&quot;,&quot;shutter_speed&quot;:&quot;0&quot;,&quot;title&quot;:&quot;&quot;,&quot;orientation&quot;:&quot;0&quot;}\" data-image-title=\"Expo-Toys-Barcelona-Art-Toys-9-min\" data-image-description=\"\" data-image-caption=\"\" data-large-file=\"https:\/\/syntetyk.com\/blog\/wp-content\/uploads\/sites\/5\/2019\/05\/Expo-Toys-Barcelona-Art-Toys-9-min-1024x1024.jpg\" src=\"https:\/\/www.syntetyk.com\/blog\/wp-content\/uploads\/sites\/5\/2019\/05\/Expo-Toys-Barcelona-Art-Toys-9-min.jpg\" alt=\"\" class=\"wp-image-1957\" srcset=\"https:\/\/syntetyk.com\/blog\/wp-content\/uploads\/sites\/5\/2019\/05\/Expo-Toys-Barcelona-Art-Toys-9-min.jpg 1477w, https:\/\/syntetyk.com\/blog\/wp-content\/uploads\/sites\/5\/2019\/05\/Expo-Toys-Barcelona-Art-Toys-9-min-120x120.jpg 120w, https:\/\/syntetyk.com\/blog\/wp-content\/uploads\/sites\/5\/2019\/05\/Expo-Toys-Barcelona-Art-Toys-9-min-300x300.jpg 300w, https:\/\/syntetyk.com\/blog\/wp-content\/uploads\/sites\/5\/2019\/05\/Expo-Toys-Barcelona-Art-Toys-9-min-768x768.jpg 768w, https:\/\/syntetyk.com\/blog\/wp-content\/uploads\/sites\/5\/2019\/05\/Expo-Toys-Barcelona-Art-Toys-9-min-1024x1024.jpg 1024w\" sizes=\"auto, (max-width: 1477px) 100vw, 1477px\" \/><figcaption>Cartel de la Expo<\/figcaption><\/figure>\n\n\n\n<p><\/p>\n","protected":false},"excerpt":{"rendered":"<p>Hace unos meses fuimos invitados a un nuevo evento para nuestro pa\u00eds. En Espa\u00f1a no es muy habitual que haya eventos relacionados con designer toys y lo sabemos bien porque [&hellip;]<\/p>\n","protected":false},"author":5,"featured_media":1960,"comment_status":"open","ping_status":"open","sticky":false,"template":"","format":"standard","meta":{"_monsterinsights_skip_tracking":false,"_monsterinsights_sitenote_active":false,"_monsterinsights_sitenote_note":"","_monsterinsights_sitenote_category":0,"jetpack_post_was_ever_published":false,"_jetpack_newsletter_access":"","_jetpack_dont_email_post_to_subs":false,"_jetpack_newsletter_tier_id":0,"_jetpack_memberships_contains_paywalled_content":false,"_jetpack_memberships_contains_paid_content":false,"footnotes":"","jetpack_publicize_message":"","jetpack_publicize_feature_enabled":true,"jetpack_social_post_already_shared":true,"jetpack_social_options":{"image_generator_settings":{"template":"highway","default_image_id":0,"font":"","enabled":false},"version":2}},"categories":[236,2,33],"tags":[],"class_list":["post-1951","post","type-post","status-publish","format-standard","has-post-thumbnail","hentry","category-art-toy","category-customs","category-designer-toys-b","wpbf-post"],"aioseo_notices":[],"jetpack_publicize_connections":[],"jetpack_featured_media_url":"https:\/\/syntetyk.com\/blog\/wp-content\/uploads\/sites\/5\/2019\/05\/Expo-Toys-Barcelona-Art-Toys-9-min-1.jpg","jetpack_sharing_enabled":true,"_links":{"self":[{"href":"https:\/\/syntetyk.com\/blog\/wp-json\/wp\/v2\/posts\/1951","targetHints":{"allow":["GET"]}}],"collection":[{"href":"https:\/\/syntetyk.com\/blog\/wp-json\/wp\/v2\/posts"}],"about":[{"href":"https:\/\/syntetyk.com\/blog\/wp-json\/wp\/v2\/types\/post"}],"author":[{"embeddable":true,"href":"https:\/\/syntetyk.com\/blog\/wp-json\/wp\/v2\/users\/5"}],"replies":[{"embeddable":true,"href":"https:\/\/syntetyk.com\/blog\/wp-json\/wp\/v2\/comments?post=1951"}],"version-history":[{"count":9,"href":"https:\/\/syntetyk.com\/blog\/wp-json\/wp\/v2\/posts\/1951\/revisions"}],"predecessor-version":[{"id":1974,"href":"https:\/\/syntetyk.com\/blog\/wp-json\/wp\/v2\/posts\/1951\/revisions\/1974"}],"wp:featuredmedia":[{"embeddable":true,"href":"https:\/\/syntetyk.com\/blog\/wp-json\/wp\/v2\/media\/1960"}],"wp:attachment":[{"href":"https:\/\/syntetyk.com\/blog\/wp-json\/wp\/v2\/media?parent=1951"}],"wp:term":[{"taxonomy":"category","embeddable":true,"href":"https:\/\/syntetyk.com\/blog\/wp-json\/wp\/v2\/categories?post=1951"},{"taxonomy":"post_tag","embeddable":true,"href":"https:\/\/syntetyk.com\/blog\/wp-json\/wp\/v2\/tags?post=1951"}],"curies":[{"name":"wp","href":"https:\/\/api.w.org\/{rel}","templated":true}]}}